{"id":3700,"date":"2021-10-15T10:00:00","date_gmt":"2021-10-15T10:00:00","guid":{"rendered":"https:\/\/kiitos.com.mx\/blog\/?p=3700"},"modified":"2021-10-20T22:45:55","modified_gmt":"2021-10-20T22:45:55","slug":"16-de-oct-dia-de-mundial-de-la-alimentacion","status":"publish","type":"post","link":"https:\/\/kiitos.com.mx\/blog\/16-de-oct-dia-de-mundial-de-la-alimentacion\/","title":{"rendered":"16 de octubre D\u00eda de mundial de la alimentaci\u00f3n"},"content":{"rendered":"\t\t<div data-elementor-type=\"wp-post\" data-elementor-id=\"3700\" class=\"elementor elementor-3700\">\n\t\t\t\t\t\t<section class=\"elementor-section elementor-top-section elementor-element elementor-element-67149e51 elementor-section-boxed elementor-section-height-default elementor-section-height-default\" data-id=\"67149e51\" data-element_type=\"section\">\n\t\t\t\t\t\t<div class=\"elementor-container elementor-column-gap-default\">\n\t\t\t\t\t<div class=\"elementor-column elementor-col-50 elementor-top-column elementor-element elementor-element-222e38e1\" data-id=\"222e38e1\" data-element_type=\"column\">\n\t\t\t<div class=\"elementor-widget-wrap elementor-element-populated\">\n\t\t\t\t\t\t<div class=\"elementor-element elementor-element-7a84bf2e elementor-widget elementor-widget-image\" data-id=\"7a84bf2e\" data-element_type=\"widget\" data-widget_type=\"image.default\">\n\t\t\t\t<div class=\"elementor-widget-container\">\n\t\t\t\t\t\t\t\t\t\t\t\t\t\t\t<img fetchpriority=\"high\" decoding=\"async\" width=\"1200\" height=\"628\" src=\"https:\/\/kiitos.com.mx\/blog\/wp-content\/uploads\/2021\/10\/dia-de-la-alimentacion.png\" class=\"attachment-full size-full wp-image-3704\" alt=\"alimentaci\u00f3n\" srcset=\"https:\/\/kiitos.com.mx\/blog\/wp-content\/uploads\/2021\/10\/dia-de-la-alimentacion.png 1200w, https:\/\/kiitos.com.mx\/blog\/wp-content\/uploads\/2021\/10\/dia-de-la-alimentacion-300x157.png 300w, https:\/\/kiitos.com.mx\/blog\/wp-content\/uploads\/2021\/10\/dia-de-la-alimentacion-1024x536.png 1024w, https:\/\/kiitos.com.mx\/blog\/wp-content\/uploads\/2021\/10\/dia-de-la-alimentacion-768x402.png 768w\" sizes=\"(max-width: 1200px) 100vw, 1200px\" \/>\t\t\t\t\t\t\t\t\t\t\t\t\t\t\t<\/div>\n\t\t\t\t<\/div>\n\t\t\t\t<div class=\"elementor-element elementor-element-38a6a3a0 elementor-widget__width-initial elementor-widget-tablet__width-auto elementor-widget-mobile__width-inherit elementor-widget elementor-widget-post-info\" data-id=\"38a6a3a0\" data-element_type=\"widget\" data-widget_type=\"post-info.default\">\n\t\t\t\t<div class=\"elementor-widget-container\">\n\t\t\t\t\t \t\t\t\t<\/div>\n\t\t\t\t<\/div>\n\t\t\t\t<div class=\"elementor-element elementor-element-1dc28007 elementor-align-right elementor-widget__width-initial elementor-mobile-align-center elementor-widget-tablet__width-auto elementor-widget-mobile__width-inherit elementor-widget elementor-widget-button\" data-id=\"1dc28007\" data-element_type=\"widget\" data-widget_type=\"button.default\">\n\t\t\t\t<div class=\"elementor-widget-container\">\n\t\t\t\t\t\t\t\t\t<div class=\"elementor-button-wrapper\">\n\t\t\t\t\t<a class=\"elementor-button elementor-button-link elementor-size-sm\" href=\"#facebook\">\n\t\t\t\t\t\t<span class=\"elementor-button-content-wrapper\">\n\t\t\t\t\t\t\t\t\t<span class=\"elementor-button-text\">Comentar<\/span>\n\t\t\t\t\t<\/span>\n\t\t\t\t\t<\/a>\n\t\t\t\t<\/div>\n\t\t\t\t\t\t\t\t<\/div>\n\t\t\t\t<\/div>\n\t\t\t\t<div class=\"elementor-element elementor-element-34127ce5 elementor-widget elementor-widget-heading\" data-id=\"34127ce5\" data-element_type=\"widget\" data-widget_type=\"heading.default\">\n\t\t\t\t<div class=\"elementor-widget-container\">\n\t\t\t\t\t<h2 class=\"elementor-heading-title elementor-size-default\">16 de octubre D\u00eda de mundial de la alimentaci\u00f3n<\/h2>\t\t\t\t<\/div>\n\t\t\t\t<\/div>\n\t\t\t\t<div class=\"elementor-element elementor-element-70027cf3 elementor-widget elementor-widget-text-editor\" data-id=\"70027cf3\" data-element_type=\"widget\" data-widget_type=\"text-editor.default\">\n\t\t\t\t<div class=\"elementor-widget-container\">\n\t\t\t\t\t\t\t\t\t<p>El 16 de octubre se celebra el D\u00eda de mundial de la alimentaci\u00f3n.<\/p><p>Esta celebraci\u00f3n es promovida por la Organizaci\u00f3n de las Naciones Unidas para la Agricultura y la Alimentaci\u00f3n.<\/p><p>Esta fecha se promulg\u00f3 con la finalidad de disminuir el hambre en el mundo y de promover una alimentaci\u00f3n saludable.<\/p><p>Una alimentaci\u00f3n saludable puede prevenir muchas enfermedades y da\u00f1os en las personas.<\/p><p>Algunas de las enfermedades que puede causar una mala alimentaci\u00f3n son:<\/p><ul><li>Obesidad<\/li><li>Enfermedades cardiovasculares<\/li><li>Diabetes<\/li><li>C\u00e1ncer<\/li><li>Osteoporosis<\/li><\/ul><p><a href=\"https:\/\/kiitos.com.mx\/blog\/wp-content\/uploads\/2021\/09\/insulina.png\"><img decoding=\"async\" class=\"aligncenter size-medium wp-image-3329\" src=\"https:\/\/kiitos.com.mx\/blog\/wp-content\/uploads\/2021\/09\/insulina-300x205.png\" alt=\"hormonas\" width=\"300\" height=\"205\" srcset=\"https:\/\/kiitos.com.mx\/blog\/wp-content\/uploads\/2021\/09\/insulina-300x205.png 300w, https:\/\/kiitos.com.mx\/blog\/wp-content\/uploads\/2021\/09\/insulina-768x525.png 768w, https:\/\/kiitos.com.mx\/blog\/wp-content\/uploads\/2021\/09\/insulina.png 918w\" sizes=\"(max-width: 300px) 100vw, 300px\" \/><\/a><\/p><p>Para que tu puedes evitar sufrir o retrasar algunas de estas enfermedades debes llevar una alimentaci\u00f3n saludable.<\/p><p>Algunos consejos para llevar una alimentaci\u00f3n saludable son:<\/p><p><strong>Consejo 1. Comer alimentos variados.<\/strong><\/p><p>Llevar una alimentaci\u00f3n balanceada te ayudar\u00e1 a obtener los nutrientes de los diferentes alimentos.<\/p><p><strong>Consejo 2. Come raciones moderas.<\/strong><\/p><p>Comer peque\u00f1as reacciones te ayuda a equilibrar tu alimentaci\u00f3n porque de esta manera comes un poco de todo. Se recomienda comer 5 comidas al d\u00eda, 3 fuertes (desayuno, comida y cena) y dos colaciones.<\/p><p>Aqu\u00ed puedes encontrar algunas colaciones que puedes hacer: <a href=\"https:\/\/kiitos.com.mx\/blog\/la-importancia-de-las-colaciones-en-la-dieta\/\">https:\/\/kiitos.com.mx\/blog\/la-importancia-de-las-colaciones-en-la-dieta\/<\/a><\/p><p><a href=\"https:\/\/kiitos.com.mx\/blog\/wp-content\/uploads\/2021\/10\/carne-con-verduras.png\"><img decoding=\"async\" class=\"aligncenter size-medium wp-image-3702\" src=\"https:\/\/kiitos.com.mx\/blog\/wp-content\/uploads\/2021\/10\/carne-con-verduras-300x205.png\" alt=\" alimentaci\u00f3n\" width=\"300\" height=\"205\" srcset=\"https:\/\/kiitos.com.mx\/blog\/wp-content\/uploads\/2021\/10\/carne-con-verduras-300x205.png 300w, https:\/\/kiitos.com.mx\/blog\/wp-content\/uploads\/2021\/10\/carne-con-verduras-768x525.png 768w, https:\/\/kiitos.com.mx\/blog\/wp-content\/uploads\/2021\/10\/carne-con-verduras.png 918w\" sizes=\"(max-width: 300px) 100vw, 300px\" \/><\/a><\/p><p><strong>Consejo 3. Comer m\u00e1s frutas y verduras.<\/strong><\/p><p>Comer m\u00e1s frutas y verduras te ayudara a mejorar tu salud, porque vas a llenar tu cuerpo de todos los nutrientes buenos que tienen las frutas y verduras.<\/p><p><strong>Consejo 4. Bebe muchos l\u00edquidos.<\/strong><\/p><p>Mantenerte hidratado te ayudar\u00e1 a evitar la fatiga, el dolor de cabeza y las migra\u00f1as, as\u00ed mismo ayuda a la digesti\u00f3n, a mantener la temperatura del cuerpo y mejora el sistema inmunol\u00f3gico.<\/p><p><a href=\"https:\/\/kiitos.com.mx\/blog\/wp-content\/uploads\/2021\/10\/persona-comiendo-frutas.png\"><img loading=\"lazy\" decoding=\"async\" class=\"aligncenter size-medium wp-image-3703\" src=\"https:\/\/kiitos.com.mx\/blog\/wp-content\/uploads\/2021\/10\/persona-comiendo-frutas-300x205.png\" alt=\"alimentaci\u00f3n\" width=\"300\" height=\"205\" srcset=\"https:\/\/kiitos.com.mx\/blog\/wp-content\/uploads\/2021\/10\/persona-comiendo-frutas-300x205.png 300w, https:\/\/kiitos.com.mx\/blog\/wp-content\/uploads\/2021\/10\/persona-comiendo-frutas-768x525.png 768w, https:\/\/kiitos.com.mx\/blog\/wp-content\/uploads\/2021\/10\/persona-comiendo-frutas.png 918w\" sizes=\"(max-width: 300px) 100vw, 300px\" \/><\/a><\/p><p><strong>Consejo 5. Haz ejercicio<\/strong><\/p><p>Hacer ejercicio es una de las mejores actividades que puedes hacer para mantener tu salud, activarte te puede ayudar aumentar tu energ\u00eda y mejorar tu estado de \u00e1nimo.<\/p><p>Aqu\u00ed puedes encontrar m\u00e1s ventajas de los ejercicios: <a href=\"https:\/\/www.mayoclinic.org\/es-es\/healthy-lifestyle\/fitness\/in-depth\/exercise\/art-20048389\">https:\/\/www.mayoclinic.org\/es-es\/healthy-lifestyle\/fitness\/in-depth\/exercise\/art-20048389<\/a><\/p><p>Llevar una alimentaci\u00f3n saludable no solo te ayudar\u00e1 a sentirte incre\u00edble, si no que tambi\u00e9n te ayudar\u00e1 a mantener una figura incre\u00edble.<\/p><p><a href=\"https:\/\/kiitos.com.mx\/blog\/wp-content\/uploads\/2021\/10\/persona-delgada-1.png\"><img loading=\"lazy\" decoding=\"async\" class=\"aligncenter size-medium wp-image-3705\" src=\"https:\/\/kiitos.com.mx\/blog\/wp-content\/uploads\/2021\/10\/persona-delgada-1-300x205.png\" alt=\"alimentaci\u00f3n\" width=\"300\" height=\"205\" srcset=\"https:\/\/kiitos.com.mx\/blog\/wp-content\/uploads\/2021\/10\/persona-delgada-1-300x205.png 300w, https:\/\/kiitos.com.mx\/blog\/wp-content\/uploads\/2021\/10\/persona-delgada-1-768x525.png 768w, https:\/\/kiitos.com.mx\/blog\/wp-content\/uploads\/2021\/10\/persona-delgada-1.png 918w\" sizes=\"(max-width: 300px) 100vw, 300px\" \/><\/a><\/p><p><a href=\"http:\/\/www.kiitos.com.mx\/blog\/semilla-de-brasil\"> Conoce los beneficios de la semi&#8230;.. <\/a><\/p><p><a href=\"http:\/\/www.sitiofarmaceuticos.com\/\" rel=\"nofollow\"> Productos farmac\u00e9uticos de descuento <\/a><\/p>\t\t\t\t\t\t\t\t<\/div>\n\t\t\t\t<\/div>\n\t\t\t\t<div class=\"elementor-element elementor-element-b95a19d elementor-widget elementor-widget-image\" data-id=\"b95a19d\" data-element_type=\"widget\" data-widget_type=\"image.default\">\n\t\t\t\t<div class=\"elementor-widget-container\">\n\t\t\t\t\t\t\t\t\t\t\t\t\t\t\t\t<a href=\"https:\/\/plankiitos.com\/kiitos-baja-10-kilos-en-un-mes\/?utm_source=web-page&#038;utm_medium=banner-blog&#038;utm_campaign=10k-no-price\" target=\"_blank\">\n\t\t\t\t\t\t\t<img loading=\"lazy\" decoding=\"async\" width=\"640\" height=\"79\" src=\"https:\/\/kiitos.com.mx\/blog\/wp-content\/uploads\/2021\/10\/banner10k-1.png\" class=\"attachment-large size-large wp-image-3562\" alt=\"\" srcset=\"https:\/\/kiitos.com.mx\/blog\/wp-content\/uploads\/2021\/10\/banner10k-1.png 640w, https:\/\/kiitos.com.mx\/blog\/wp-content\/uploads\/2021\/10\/banner10k-1-300x37.png 300w\" sizes=\"(max-width: 640px) 100vw, 640px\" \/>\t\t\t\t\t\t\t\t<\/a>\n\t\t\t\t\t\t\t\t\t\t\t\t\t\t\t<\/div>\n\t\t\t\t<\/div>\n\t\t\t\t\t<\/div>\n\t\t<\/div>\n\t\t\t\t<div class=\"elementor-column elementor-col-50 elementor-top-column elementor-element elementor-element-29addc62\" data-id=\"29addc62\" data-element_type=\"column\">\n\t\t\t<div class=\"elementor-widget-wrap elementor-element-populated\">\n\t\t\t\t\t\t<div class=\"elementor-element elementor-element-33d3d6e9 elementor-widget-divider--view-line_text elementor-widget-divider--element-align-center elementor-widget elementor-widget-divider\" data-id=\"33d3d6e9\" data-element_type=\"widget\" data-widget_type=\"divider.default\">\n\t\t\t\t<div class=\"elementor-widget-container\">\n\t\t\t\t\t\t\t<div class=\"elementor-divider\">\n\t\t\t<span class=\"elementor-divider-separator\">\n\t\t\t\t\t\t\t<span class=\"elementor-divider__text elementor-divider__element\">\n\t\t\t\t<span style=\"font-size:1.5em\">Categor\u00edas<\/span>\t\t\t\t<\/span>\n\t\t\t\t\t\t<\/span>\n\t\t<\/div>\n\t\t\t\t\t\t<\/div>\n\t\t\t\t<\/div>\n\t\t\t\t<div class=\"elementor-element elementor-element-7da9ef93 elementor-widget elementor-widget-slides\" data-id=\"7da9ef93\" data-element_type=\"widget\" data-widget_type=\"slides.default\">\n\t\t\t\t<div class=\"elementor-widget-container\">\n\t\t\t\t\t \t\t\t\t<\/div>\n\t\t\t\t<\/div>\n\t\t\t\t<div class=\"elementor-element elementor-element-5c1fbb13 elementor-widget elementor-widget-heading\" data-id=\"5c1fbb13\" data-element_type=\"widget\" data-widget_type=\"heading.default\">\n\t\t\t\t<div class=\"elementor-widget-container\">\n\t\t\t\t\t<h2 class=\"elementor-heading-title elementor-size-default\">\u00a1Comparte este post!<\/h2>\t\t\t\t<\/div>\n\t\t\t\t<\/div>\n\t\t\t\t<div class=\"elementor-element elementor-element-bd563e4 elementor-widget elementor-widget-share-buttons\" data-id=\"bd563e4\" data-element_type=\"widget\" data-widget_type=\"share-buttons.default\">\n\t\t\t\t<div class=\"elementor-widget-container\">\n\t\t\t\t\t \t\t\t\t<\/div>\n\t\t\t\t<\/div>\n\t\t\t\t<div class=\"elementor-element elementor-element-8f6e0c1 elementor-widget elementor-widget-image\" data-id=\"8f6e0c1\" data-element_type=\"widget\" data-widget_type=\"image.default\">\n\t\t\t\t<div class=\"elementor-widget-container\">\n\t\t\t\t\t\t\t\t\t\t\t\t\t\t\t\t<a href=\"https:\/\/plankiitos.com\/kiitos-baja-10-kilos-en-un-mes\/?utm_source=web-page&#038;utm_medium=banner-blog&#038;utm_campaign=10k-no-price\" target=\"_blank\">\n\t\t\t\t\t\t\t<img loading=\"lazy\" decoding=\"async\" width=\"1024\" height=\"1024\" src=\"https:\/\/kiitos.com.mx\/blog\/wp-content\/uploads\/2021\/09\/1200X1200-1024x1024.jpg\" class=\"attachment-large size-large wp-image-3748\" alt=\"\" srcset=\"https:\/\/kiitos.com.mx\/blog\/wp-content\/uploads\/2021\/09\/1200X1200-1024x1024.jpg 1024w, https:\/\/kiitos.com.mx\/blog\/wp-content\/uploads\/2021\/09\/1200X1200-300x300.jpg 300w, https:\/\/kiitos.com.mx\/blog\/wp-content\/uploads\/2021\/09\/1200X1200-150x150.jpg 150w, https:\/\/kiitos.com.mx\/blog\/wp-content\/uploads\/2021\/09\/1200X1200-768x768.jpg 768w, https:\/\/kiitos.com.mx\/blog\/wp-content\/uploads\/2021\/09\/1200X1200.jpg 1200w\" sizes=\"(max-width: 1024px) 100vw, 1024px\" \/>\t\t\t\t\t\t\t\t<\/a>\n\t\t\t\t\t\t\t\t\t\t\t\t\t\t\t<\/div>\n\t\t\t\t<\/div>\n\t\t\t\t\t<\/div>\n\t\t<\/div>\n\t\t\t\t\t<\/div>\n\t\t<\/section>\n\t\t\t\t<section class=\"elementor-section elementor-top-section elementor-element elementor-element-40506853 elementor-section-boxed elementor-section-height-default elementor-section-height-default\" data-id=\"40506853\" data-element_type=\"section\">\n\t\t\t\t\t\t<div class=\"elementor-container elementor-column-gap-default\">\n\t\t\t\t\t<div class=\"elementor-column elementor-col-100 elementor-top-column elementor-element elementor-element-2553cb43\" data-id=\"2553cb43\" data-element_type=\"column\">\n\t\t\t<div class=\"elementor-widget-wrap elementor-element-populated\">\n\t\t\t\t\t\t<div class=\"elementor-element elementor-element-7103aa3d elementor-widget elementor-widget-post-navigation\" data-id=\"7103aa3d\" data-element_type=\"widget\" data-widget_type=\"post-navigation.default\">\n\t\t\t\t<div class=\"elementor-widget-container\">\n\t\t\t\t\t \t\t\t\t<\/div>\n\t\t\t\t<\/div>\n\t\t\t\t\t<\/div>\n\t\t<\/div>\n\t\t\t\t\t<\/div>\n\t\t<\/section>\n\t\t\t\t<section class=\"elementor-section elementor-top-section elementor-element elementor-element-492ddee5 elementor-section-full_width elementor-section-content-middle elementor-section-height-default elementor-section-height-default\" data-id=\"492ddee5\" data-element_type=\"section\" id=\"facebook\">\n\t\t\t\t\t\t<div class=\"elementor-container elementor-column-gap-default\">\n\t\t\t\t\t<div class=\"elementor-column elementor-col-100 elementor-top-column elementor-element elementor-element-48dd2e22\" data-id=\"48dd2e22\" data-element_type=\"column\">\n\t\t\t<div class=\"elementor-widget-wrap elementor-element-populated\">\n\t\t\t\t\t\t<div class=\"elementor-element elementor-element-dd12d44 elementor-widget elementor-widget-facebook-comments\" data-id=\"dd12d44\" data-element_type=\"widget\" data-widget_type=\"facebook-comments.default\">\n\t\t\t\t<div class=\"elementor-widget-container\">\n\t\t\t\t\t \t\t\t\t<\/div>\n\t\t\t\t<\/div>\n\t\t\t\t\t<\/div>\n\t\t<\/div>\n\t\t\t\t\t<\/div>\n\t\t<\/section>\n\t\t\t\t<\/div>\n\t\t","protected":false},"excerpt":{"rendered":"<p>Comentar 16 de octubre D\u00eda de mundial de la alimentaci\u00f3n El 16 de octubre se celebra el D\u00eda de mundial de la alimentaci\u00f3n. Esta celebraci\u00f3n es promovida por la Organizaci\u00f3n de las Naciones Unidas para la Agricultura y la Alimentaci\u00f3n. Esta fecha se promulg\u00f3 con la finalidad de disminuir el hambre en el mundo y [&hellip;]<\/p>\n","protected":false},"author":1,"featured_media":3704,"comment_status":"open","ping_status":"open","sticky":false,"template":"elementor_header_footer","format":"standard","meta":{"site-sidebar-layout":"default","site-content-layout":"default","ast-site-content-layout":"","site-content-style":"default","site-sidebar-style":"default","ast-global-header-display":"","ast-banner-title-visibility":"","ast-main-header-display":"","ast-hfb-above-header-display":"","ast-hfb-below-header-display":"","ast-hfb-mobile-header-display":"","site-post-title":"","ast-breadcrumbs-content":"","ast-featured-img":"","footer-sml-layout":"","theme-transparent-header-meta":"default","adv-header-id-meta":"","stick-header-meta":"","header-above-stick-meta":"","header-main-stick-meta":"","header-below-stick-meta":"","astra-migrate-meta-layouts":"default","ast-page-background-enabled":"default","ast-page-background-meta":{"desktop":{"background-color":"var(--ast-global-color-4)","background-image":"","background-repeat":"repeat","background-position":"center center","background-size":"auto","background-attachment":"scroll","background-type":"","background-media":"","overlay-type":"","overlay-color":"","overlay-opacity":"","overlay-gradient":""},"tablet":{"background-color":"","background-image":"","background-repeat":"repeat","background-position":"center center","background-size":"auto","background-attachment":"scroll","background-type":"","background-media":"","overlay-type":"","overlay-color":"","overlay-opacity":"","overlay-gradient":""},"mobile":{"background-color":"","background-image":"","background-repeat":"repeat","background-position":"center center","background-size":"auto","background-attachment":"scroll","background-type":"","background-media":"","overlay-type":"","overlay-color":"","overlay-opacity":"","overlay-gradient":""}},"ast-content-background-meta":{"desktop":{"background-color":"var(--ast-global-color-5)","background-image":"","background-repeat":"repeat","background-position":"center center","background-size":"auto","background-attachment":"scroll","background-type":"","background-media":"","overlay-type":"","overlay-color":"","overlay-opacity":"","overlay-gradient":""},"tablet":{"background-color":"var(--ast-global-color-5)","background-image":"","background-repeat":"repeat","background-position":"center center","background-size":"auto","background-attachment":"scroll","background-type":"","background-media":"","overlay-type":"","overlay-color":"","overlay-opacity":"","overlay-gradient":""},"mobile":{"background-color":"var(--ast-global-color-5)","background-image":"","background-repeat":"repeat","background-position":"center center","background-size":"auto","background-attachment":"scroll","background-type":"","background-media":"","overlay-type":"","overlay-color":"","overlay-opacity":"","overlay-gradient":""}},"footnotes":""},"categories":[223],"tags":[2649,420,2648,366],"class_list":["post-3700","post","type-post","status-publish","format-standard","has-post-thumbnail","hentry","category-noticia","tag-16-de-octubre","tag-alimentacion","tag-dia-de-la-alimentacion","tag-salud"],"yoast_head":"<!-- This site is optimized with the Yoast SEO Premium plugin v21.4 (Yoast SEO v25.1) - https:\/\/yoast.com\/wordpress\/plugins\/seo\/ -->\n<title>16 de octubre D\u00eda de mundial de la alimentaci\u00f3n - Blog Kiitos<\/title>\n<meta name=\"robots\" content=\"index, follow, max-snippet:-1, max-image-preview:large, max-video-preview:-1\" \/>\n<link rel=\"canonical\" href=\"https:\/\/kiitos.com.mx\/blog\/16-de-oct-dia-de-mundial-de-la-alimentacion\/\" \/>\n<meta property=\"og:locale\" content=\"es_MX\" \/>\n<meta property=\"og:type\" content=\"article\" \/>\n<meta property=\"og:title\" content=\"16 de octubre D\u00eda de mundial de la alimentaci\u00f3n\" \/>\n<meta property=\"og:description\" content=\"Comentar 16 de octubre D\u00eda de mundial de la alimentaci\u00f3n El 16 de octubre se celebra el D\u00eda de mundial de la alimentaci\u00f3n. Esta celebraci\u00f3n es promovida por la Organizaci\u00f3n de las Naciones Unidas para la Agricultura y la Alimentaci\u00f3n. Esta fecha se promulg\u00f3 con la finalidad de disminuir el hambre en el mundo y [&hellip;]\" \/>\n<meta property=\"og:url\" content=\"https:\/\/kiitos.com.mx\/blog\/16-de-oct-dia-de-mundial-de-la-alimentacion\/\" \/>\n<meta property=\"og:site_name\" content=\"Blog Kiitos\" \/>\n<meta property=\"article:published_time\" content=\"2021-10-15T10:00:00+00:00\" \/>\n<meta property=\"article:modified_time\" content=\"2021-10-20T22:45:55+00:00\" \/>\n<meta property=\"og:image\" content=\"https:\/\/kiitos.com.mx\/blog\/wp-content\/uploads\/2021\/10\/dia-de-la-alimentacion.png\" \/>\n\t<meta property=\"og:image:width\" content=\"1200\" \/>\n\t<meta property=\"og:image:height\" content=\"628\" \/>\n\t<meta property=\"og:image:type\" content=\"image\/png\" \/>\n<meta name=\"author\" content=\"Kiitos Staff B\" \/>\n<meta name=\"twitter:card\" content=\"summary_large_image\" \/>\n<meta name=\"twitter:label1\" content=\"Escrito por\" \/>\n\t<meta name=\"twitter:data1\" content=\"Kiitos Staff B\" \/>\n\t<meta name=\"twitter:label2\" content=\"Tiempo de lectura\" \/>\n\t<meta name=\"twitter:data2\" content=\"2 minutos\" \/>\n<script type=\"application\/ld+json\" class=\"yoast-schema-graph\">{\"@context\":\"https:\/\/schema.org\",\"@graph\":[{\"@type\":\"Article\",\"@id\":\"https:\/\/kiitos.com.mx\/blog\/16-de-oct-dia-de-mundial-de-la-alimentacion\/#article\",\"isPartOf\":{\"@id\":\"https:\/\/kiitos.com.mx\/blog\/16-de-oct-dia-de-mundial-de-la-alimentacion\/\"},\"author\":{\"name\":\"Kiitos Staff B\",\"@id\":\"https:\/\/kiitos.com.mx\/blog\/#\/schema\/person\/596f4bff4d6738444f43853933ed6154\"},\"headline\":\"16 de octubre D\u00eda de mundial de la alimentaci\u00f3n\",\"datePublished\":\"2021-10-15T10:00:00+00:00\",\"dateModified\":\"2021-10-20T22:45:55+00:00\",\"mainEntityOfPage\":{\"@id\":\"https:\/\/kiitos.com.mx\/blog\/16-de-oct-dia-de-mundial-de-la-alimentacion\/\"},\"wordCount\":503,\"commentCount\":0,\"publisher\":{\"@id\":\"https:\/\/kiitos.com.mx\/blog\/#organization\"},\"image\":{\"@id\":\"https:\/\/kiitos.com.mx\/blog\/16-de-oct-dia-de-mundial-de-la-alimentacion\/#primaryimage\"},\"thumbnailUrl\":\"https:\/\/kiitos.com.mx\/blog\/wp-content\/uploads\/2021\/10\/dia-de-la-alimentacion.png\",\"keywords\":[\"16 de octubre\",\"alimentaci\u00f3n\",\"dia de la alimentaci\u00f3n\",\"salud\"],\"articleSection\":[\"noticias\"],\"inLanguage\":\"es\",\"potentialAction\":[{\"@type\":\"CommentAction\",\"name\":\"Comment\",\"target\":[\"https:\/\/kiitos.com.mx\/blog\/16-de-oct-dia-de-mundial-de-la-alimentacion\/#respond\"]}]},{\"@type\":\"WebPage\",\"@id\":\"https:\/\/kiitos.com.mx\/blog\/16-de-oct-dia-de-mundial-de-la-alimentacion\/\",\"url\":\"https:\/\/kiitos.com.mx\/blog\/16-de-oct-dia-de-mundial-de-la-alimentacion\/\",\"name\":\"16 de octubre D\u00eda de mundial de la alimentaci\u00f3n - Blog Kiitos\",\"isPartOf\":{\"@id\":\"https:\/\/kiitos.com.mx\/blog\/#website\"},\"primaryImageOfPage\":{\"@id\":\"https:\/\/kiitos.com.mx\/blog\/16-de-oct-dia-de-mundial-de-la-alimentacion\/#primaryimage\"},\"image\":{\"@id\":\"https:\/\/kiitos.com.mx\/blog\/16-de-oct-dia-de-mundial-de-la-alimentacion\/#primaryimage\"},\"thumbnailUrl\":\"https:\/\/kiitos.com.mx\/blog\/wp-content\/uploads\/2021\/10\/dia-de-la-alimentacion.png\",\"datePublished\":\"2021-10-15T10:00:00+00:00\",\"dateModified\":\"2021-10-20T22:45:55+00:00\",\"breadcrumb\":{\"@id\":\"https:\/\/kiitos.com.mx\/blog\/16-de-oct-dia-de-mundial-de-la-alimentacion\/#breadcrumb\"},\"inLanguage\":\"es\",\"potentialAction\":[{\"@type\":\"ReadAction\",\"target\":[\"https:\/\/kiitos.com.mx\/blog\/16-de-oct-dia-de-mundial-de-la-alimentacion\/\"]}]},{\"@type\":\"ImageObject\",\"inLanguage\":\"es\",\"@id\":\"https:\/\/kiitos.com.mx\/blog\/16-de-oct-dia-de-mundial-de-la-alimentacion\/#primaryimage\",\"url\":\"https:\/\/kiitos.com.mx\/blog\/wp-content\/uploads\/2021\/10\/dia-de-la-alimentacion.png\",\"contentUrl\":\"https:\/\/kiitos.com.mx\/blog\/wp-content\/uploads\/2021\/10\/dia-de-la-alimentacion.png\",\"width\":1200,\"height\":628,\"caption\":\"alimentaci\u00f3n\"},{\"@type\":\"BreadcrumbList\",\"@id\":\"https:\/\/kiitos.com.mx\/blog\/16-de-oct-dia-de-mundial-de-la-alimentacion\/#breadcrumb\",\"itemListElement\":[{\"@type\":\"ListItem\",\"position\":1,\"name\":\"Home\",\"item\":\"https:\/\/kiitos.com.mx\/blog\/\"},{\"@type\":\"ListItem\",\"position\":2,\"name\":\"16 de octubre D\u00eda de mundial de la alimentaci\u00f3n\"}]},{\"@type\":\"WebSite\",\"@id\":\"https:\/\/kiitos.com.mx\/blog\/#website\",\"url\":\"https:\/\/kiitos.com.mx\/blog\/\",\"name\":\"Kiitos || Blog\",\"description\":\"Kiitos MX - Blog\",\"publisher\":{\"@id\":\"https:\/\/kiitos.com.mx\/blog\/#organization\"},\"potentialAction\":[{\"@type\":\"SearchAction\",\"target\":{\"@type\":\"EntryPoint\",\"urlTemplate\":\"https:\/\/kiitos.com.mx\/blog\/?s={search_term_string}\"},\"query-input\":{\"@type\":\"PropertyValueSpecification\",\"valueRequired\":true,\"valueName\":\"search_term_string\"}}],\"inLanguage\":\"es\"},{\"@type\":\"Organization\",\"@id\":\"https:\/\/kiitos.com.mx\/blog\/#organization\",\"name\":\"Kiitos\",\"url\":\"https:\/\/kiitos.com.mx\/blog\/\",\"logo\":{\"@type\":\"ImageObject\",\"inLanguage\":\"es\",\"@id\":\"https:\/\/kiitos.com.mx\/blog\/#\/schema\/logo\/image\/\",\"url\":\"https:\/\/kiitos.com.mx\/blog\/wp-content\/uploads\/2021\/01\/cropped-Kiitos-web-logo-alt-1.png\",\"contentUrl\":\"https:\/\/kiitos.com.mx\/blog\/wp-content\/uploads\/2021\/01\/cropped-Kiitos-web-logo-alt-1.png\",\"width\":237,\"height\":110,\"caption\":\"Kiitos\"},\"image\":{\"@id\":\"https:\/\/kiitos.com.mx\/blog\/#\/schema\/logo\/image\/\"}},{\"@type\":\"Person\",\"@id\":\"https:\/\/kiitos.com.mx\/blog\/#\/schema\/person\/596f4bff4d6738444f43853933ed6154\",\"name\":\"Kiitos Staff B\",\"image\":{\"@type\":\"ImageObject\",\"inLanguage\":\"es\",\"@id\":\"https:\/\/kiitos.com.mx\/blog\/#\/schema\/person\/image\/\",\"url\":\"https:\/\/secure.gravatar.com\/avatar\/5461c348002ba7231a052d841abc7b5b1cb7a09dbfa4e56fad7033df8264e1d7?s=96&d=mm&r=g\",\"contentUrl\":\"https:\/\/secure.gravatar.com\/avatar\/5461c348002ba7231a052d841abc7b5b1cb7a09dbfa4e56fad7033df8264e1d7?s=96&d=mm&r=g\",\"caption\":\"Kiitos Staff B\"},\"url\":\"https:\/\/kiitos.com.mx\/blog\/author\/market1ng\/\"}]}<\/script>\n<!-- \/ Yoast SEO Premium plugin. -->","yoast_head_json":{"title":"16 de octubre D\u00eda de mundial de la alimentaci\u00f3n - Blog Kiitos","robots":{"index":"index","follow":"follow","max-snippet":"max-snippet:-1","max-image-preview":"max-image-preview:large","max-video-preview":"max-video-preview:-1"},"canonical":"https:\/\/kiitos.com.mx\/blog\/16-de-oct-dia-de-mundial-de-la-alimentacion\/","og_locale":"es_MX","og_type":"article","og_title":"16 de octubre D\u00eda de mundial de la alimentaci\u00f3n","og_description":"Comentar 16 de octubre D\u00eda de mundial de la alimentaci\u00f3n El 16 de octubre se celebra el D\u00eda de mundial de la alimentaci\u00f3n. Esta celebraci\u00f3n es promovida por la Organizaci\u00f3n de las Naciones Unidas para la Agricultura y la Alimentaci\u00f3n. Esta fecha se promulg\u00f3 con la finalidad de disminuir el hambre en el mundo y [&hellip;]","og_url":"https:\/\/kiitos.com.mx\/blog\/16-de-oct-dia-de-mundial-de-la-alimentacion\/","og_site_name":"Blog Kiitos","article_published_time":"2021-10-15T10:00:00+00:00","article_modified_time":"2021-10-20T22:45:55+00:00","og_image":[{"width":1200,"height":628,"url":"https:\/\/kiitos.com.mx\/blog\/wp-content\/uploads\/2021\/10\/dia-de-la-alimentacion.png","type":"image\/png"}],"author":"Kiitos Staff B","twitter_card":"summary_large_image","twitter_misc":{"Escrito por":"Kiitos Staff B","Tiempo de lectura":"2 minutos"},"schema":{"@context":"https:\/\/schema.org","@graph":[{"@type":"Article","@id":"https:\/\/kiitos.com.mx\/blog\/16-de-oct-dia-de-mundial-de-la-alimentacion\/#article","isPartOf":{"@id":"https:\/\/kiitos.com.mx\/blog\/16-de-oct-dia-de-mundial-de-la-alimentacion\/"},"author":{"name":"Kiitos Staff B","@id":"https:\/\/kiitos.com.mx\/blog\/#\/schema\/person\/596f4bff4d6738444f43853933ed6154"},"headline":"16 de octubre D\u00eda de mundial de la alimentaci\u00f3n","datePublished":"2021-10-15T10:00:00+00:00","dateModified":"2021-10-20T22:45:55+00:00","mainEntityOfPage":{"@id":"https:\/\/kiitos.com.mx\/blog\/16-de-oct-dia-de-mundial-de-la-alimentacion\/"},"wordCount":503,"commentCount":0,"publisher":{"@id":"https:\/\/kiitos.com.mx\/blog\/#organization"},"image":{"@id":"https:\/\/kiitos.com.mx\/blog\/16-de-oct-dia-de-mundial-de-la-alimentacion\/#primaryimage"},"thumbnailUrl":"https:\/\/kiitos.com.mx\/blog\/wp-content\/uploads\/2021\/10\/dia-de-la-alimentacion.png","keywords":["16 de octubre","alimentaci\u00f3n","dia de la alimentaci\u00f3n","salud"],"articleSection":["noticias"],"inLanguage":"es","potentialAction":[{"@type":"CommentAction","name":"Comment","target":["https:\/\/kiitos.com.mx\/blog\/16-de-oct-dia-de-mundial-de-la-alimentacion\/#respond"]}]},{"@type":"WebPage","@id":"https:\/\/kiitos.com.mx\/blog\/16-de-oct-dia-de-mundial-de-la-alimentacion\/","url":"https:\/\/kiitos.com.mx\/blog\/16-de-oct-dia-de-mundial-de-la-alimentacion\/","name":"16 de octubre D\u00eda de mundial de la alimentaci\u00f3n - Blog Kiitos","isPartOf":{"@id":"https:\/\/kiitos.com.mx\/blog\/#website"},"primaryImageOfPage":{"@id":"https:\/\/kiitos.com.mx\/blog\/16-de-oct-dia-de-mundial-de-la-alimentacion\/#primaryimage"},"image":{"@id":"https:\/\/kiitos.com.mx\/blog\/16-de-oct-dia-de-mundial-de-la-alimentacion\/#primaryimage"},"thumbnailUrl":"https:\/\/kiitos.com.mx\/blog\/wp-content\/uploads\/2021\/10\/dia-de-la-alimentacion.png","datePublished":"2021-10-15T10:00:00+00:00","dateModified":"2021-10-20T22:45:55+00:00","breadcrumb":{"@id":"https:\/\/kiitos.com.mx\/blog\/16-de-oct-dia-de-mundial-de-la-alimentacion\/#breadcrumb"},"inLanguage":"es","potentialAction":[{"@type":"ReadAction","target":["https:\/\/kiitos.com.mx\/blog\/16-de-oct-dia-de-mundial-de-la-alimentacion\/"]}]},{"@type":"ImageObject","inLanguage":"es","@id":"https:\/\/kiitos.com.mx\/blog\/16-de-oct-dia-de-mundial-de-la-alimentacion\/#primaryimage","url":"https:\/\/kiitos.com.mx\/blog\/wp-content\/uploads\/2021\/10\/dia-de-la-alimentacion.png","contentUrl":"https:\/\/kiitos.com.mx\/blog\/wp-content\/uploads\/2021\/10\/dia-de-la-alimentacion.png","width":1200,"height":628,"caption":"alimentaci\u00f3n"},{"@type":"BreadcrumbList","@id":"https:\/\/kiitos.com.mx\/blog\/16-de-oct-dia-de-mundial-de-la-alimentacion\/#breadcrumb","itemListElement":[{"@type":"ListItem","position":1,"name":"Home","item":"https:\/\/kiitos.com.mx\/blog\/"},{"@type":"ListItem","position":2,"name":"16 de octubre D\u00eda de mundial de la alimentaci\u00f3n"}]},{"@type":"WebSite","@id":"https:\/\/kiitos.com.mx\/blog\/#website","url":"https:\/\/kiitos.com.mx\/blog\/","name":"Kiitos || Blog","description":"Kiitos MX - Blog","publisher":{"@id":"https:\/\/kiitos.com.mx\/blog\/#organization"},"potentialAction":[{"@type":"SearchAction","target":{"@type":"EntryPoint","urlTemplate":"https:\/\/kiitos.com.mx\/blog\/?s={search_term_string}"},"query-input":{"@type":"PropertyValueSpecification","valueRequired":true,"valueName":"search_term_string"}}],"inLanguage":"es"},{"@type":"Organization","@id":"https:\/\/kiitos.com.mx\/blog\/#organization","name":"Kiitos","url":"https:\/\/kiitos.com.mx\/blog\/","logo":{"@type":"ImageObject","inLanguage":"es","@id":"https:\/\/kiitos.com.mx\/blog\/#\/schema\/logo\/image\/","url":"https:\/\/kiitos.com.mx\/blog\/wp-content\/uploads\/2021\/01\/cropped-Kiitos-web-logo-alt-1.png","contentUrl":"https:\/\/kiitos.com.mx\/blog\/wp-content\/uploads\/2021\/01\/cropped-Kiitos-web-logo-alt-1.png","width":237,"height":110,"caption":"Kiitos"},"image":{"@id":"https:\/\/kiitos.com.mx\/blog\/#\/schema\/logo\/image\/"}},{"@type":"Person","@id":"https:\/\/kiitos.com.mx\/blog\/#\/schema\/person\/596f4bff4d6738444f43853933ed6154","name":"Kiitos Staff B","image":{"@type":"ImageObject","inLanguage":"es","@id":"https:\/\/kiitos.com.mx\/blog\/#\/schema\/person\/image\/","url":"https:\/\/secure.gravatar.com\/avatar\/5461c348002ba7231a052d841abc7b5b1cb7a09dbfa4e56fad7033df8264e1d7?s=96&d=mm&r=g","contentUrl":"https:\/\/secure.gravatar.com\/avatar\/5461c348002ba7231a052d841abc7b5b1cb7a09dbfa4e56fad7033df8264e1d7?s=96&d=mm&r=g","caption":"Kiitos Staff B"},"url":"https:\/\/kiitos.com.mx\/blog\/author\/market1ng\/"}]}},"_links":{"self":[{"href":"https:\/\/kiitos.com.mx\/blog\/wp-json\/wp\/v2\/posts\/3700","targetHints":{"allow":["GET"]}}],"collection":[{"href":"https:\/\/kiitos.com.mx\/blog\/wp-json\/wp\/v2\/posts"}],"about":[{"href":"https:\/\/kiitos.com.mx\/blog\/wp-json\/wp\/v2\/types\/post"}],"author":[{"embeddable":true,"href":"https:\/\/kiitos.com.mx\/blog\/wp-json\/wp\/v2\/users\/1"}],"replies":[{"embeddable":true,"href":"https:\/\/kiitos.com.mx\/blog\/wp-json\/wp\/v2\/comments?post=3700"}],"version-history":[{"count":9,"href":"https:\/\/kiitos.com.mx\/blog\/wp-json\/wp\/v2\/posts\/3700\/revisions"}],"predecessor-version":[{"id":3756,"href":"https:\/\/kiitos.com.mx\/blog\/wp-json\/wp\/v2\/posts\/3700\/revisions\/3756"}],"wp:featuredmedia":[{"embeddable":true,"href":"https:\/\/kiitos.com.mx\/blog\/wp-json\/wp\/v2\/media\/3704"}],"wp:attachment":[{"href":"https:\/\/kiitos.com.mx\/blog\/wp-json\/wp\/v2\/media?parent=3700"}],"wp:term":[{"taxonomy":"category","embeddable":true,"href":"https:\/\/kiitos.com.mx\/blog\/wp-json\/wp\/v2\/categories?post=3700"},{"taxonomy":"post_tag","embeddable":true,"href":"https:\/\/kiitos.com.mx\/blog\/wp-json\/wp\/v2\/tags?post=3700"}],"curies":[{"name":"wp","href":"https:\/\/api.w.org\/{rel}","templated":true}]}}