{"id":7184,"date":"2023-05-29T19:04:40","date_gmt":"2023-05-29T19:04:40","guid":{"rendered":"https:\/\/kiitos.com.mx\/blog\/?p=7184"},"modified":"2023-06-09T17:46:22","modified_gmt":"2023-06-09T17:46:22","slug":"la-dieta-de-avena-del-escepticismo-a-la-cura","status":"publish","type":"post","link":"https:\/\/kiitos.com.mx\/blog\/la-dieta-de-avena-del-escepticismo-a-la-cura\/","title":{"rendered":"La dieta de avena: del escepticismo a la cura"},"content":{"rendered":"\t\t<div data-elementor-type=\"wp-post\" data-elementor-id=\"7184\" class=\"elementor elementor-7184\">\n\t\t\t\t\t\t<section class=\"elementor-section elementor-top-section elementor-element elementor-element-6561164b elementor-section-boxed elementor-section-height-default elementor-section-height-default\" data-id=\"6561164b\" data-element_type=\"section\">\n\t\t\t\t\t\t<div class=\"elementor-container elementor-column-gap-default\">\n\t\t\t\t\t<div class=\"elementor-column elementor-col-50 elementor-top-column elementor-element elementor-element-1d1ab0c1\" data-id=\"1d1ab0c1\" data-element_type=\"column\">\n\t\t\t<div class=\"elementor-widget-wrap elementor-element-populated\">\n\t\t\t\t\t\t<div class=\"elementor-element elementor-element-5f9cc1d6 elementor-widget elementor-widget-image\" data-id=\"5f9cc1d6\" data-element_type=\"widget\" data-widget_type=\"image.default\">\n\t\t\t\t<div class=\"elementor-widget-container\">\n\t\t\t\t\t\t\t\t\t\t\t\t\t\t\t<img fetchpriority=\"high\" decoding=\"async\" width=\"2500\" height=\"1875\" src=\"https:\/\/kiitos.com.mx\/blog\/wp-content\/uploads\/2023\/05\/6-formas-efectivas-de-controlar-el-aumento-de-peso-relacionado-con-el-estre\u0301splazos-de-comidas_-la-clave-para-una-salud-o\u0301ptima-5.png\" class=\"attachment-full size-full wp-image-7186\" alt=\"La dieta de avena: del escepticismo a la cura\" srcset=\"https:\/\/kiitos.com.mx\/blog\/wp-content\/uploads\/2023\/05\/6-formas-efectivas-de-controlar-el-aumento-de-peso-relacionado-con-el-estre\u0301splazos-de-comidas_-la-clave-para-una-salud-o\u0301ptima-5.png 2500w, https:\/\/kiitos.com.mx\/blog\/wp-content\/uploads\/2023\/05\/6-formas-efectivas-de-controlar-el-aumento-de-peso-relacionado-con-el-estre\u0301splazos-de-comidas_-la-clave-para-una-salud-o\u0301ptima-5-300x225.png 300w, https:\/\/kiitos.com.mx\/blog\/wp-content\/uploads\/2023\/05\/6-formas-efectivas-de-controlar-el-aumento-de-peso-relacionado-con-el-estre\u0301splazos-de-comidas_-la-clave-para-una-salud-o\u0301ptima-5-1024x768.png 1024w, https:\/\/kiitos.com.mx\/blog\/wp-content\/uploads\/2023\/05\/6-formas-efectivas-de-controlar-el-aumento-de-peso-relacionado-con-el-estre\u0301splazos-de-comidas_-la-clave-para-una-salud-o\u0301ptima-5-768x576.png 768w, https:\/\/kiitos.com.mx\/blog\/wp-content\/uploads\/2023\/05\/6-formas-efectivas-de-controlar-el-aumento-de-peso-relacionado-con-el-estre\u0301splazos-de-comidas_-la-clave-para-una-salud-o\u0301ptima-5-1536x1152.png 1536w, https:\/\/kiitos.com.mx\/blog\/wp-content\/uploads\/2023\/05\/6-formas-efectivas-de-controlar-el-aumento-de-peso-relacionado-con-el-estre\u0301splazos-de-comidas_-la-clave-para-una-salud-o\u0301ptima-5-2048x1536.png 2048w\" sizes=\"(max-width: 2500px) 100vw, 2500px\" \/>\t\t\t\t\t\t\t\t\t\t\t\t\t\t\t<\/div>\n\t\t\t\t<\/div>\n\t\t\t\t<div class=\"elementor-element elementor-element-1a9f061f elementor-widget__width-initial elementor-widget-tablet__width-auto elementor-widget-mobile__width-inherit elementor-widget elementor-widget-post-info\" data-id=\"1a9f061f\" data-element_type=\"widget\" data-widget_type=\"post-info.default\">\n\t\t\t\t<div class=\"elementor-widget-container\">\n\t\t\t\t\t \t\t\t\t<\/div>\n\t\t\t\t<\/div>\n\t\t\t\t<div class=\"elementor-element elementor-element-7c537b30 elementor-align-right elementor-widget__width-initial elementor-mobile-align-center elementor-widget-tablet__width-auto elementor-widget-mobile__width-inherit elementor-widget elementor-widget-button\" data-id=\"7c537b30\" data-element_type=\"widget\" data-widget_type=\"button.default\">\n\t\t\t\t<div class=\"elementor-widget-container\">\n\t\t\t\t\t\t\t\t\t<div class=\"elementor-button-wrapper\">\n\t\t\t\t\t<a class=\"elementor-button elementor-button-link elementor-size-sm\" href=\"#facebook\">\n\t\t\t\t\t\t<span class=\"elementor-button-content-wrapper\">\n\t\t\t\t\t\t\t\t\t<span class=\"elementor-button-text\">Comentar<\/span>\n\t\t\t\t\t<\/span>\n\t\t\t\t\t<\/a>\n\t\t\t\t<\/div>\n\t\t\t\t\t\t\t\t<\/div>\n\t\t\t\t<\/div>\n\t\t\t\t<div class=\"elementor-element elementor-element-3748aa88 elementor-widget elementor-widget-heading\" data-id=\"3748aa88\" data-element_type=\"widget\" data-widget_type=\"heading.default\">\n\t\t\t\t<div class=\"elementor-widget-container\">\n\t\t\t\t\t<h2 class=\"elementor-heading-title elementor-size-default\"><a href=\"http:\/\/pacientes\">La dieta de avena: del escepticismo a la cura<\/a><\/h2>\t\t\t\t<\/div>\n\t\t\t\t<\/div>\n\t\t\t\t<div class=\"elementor-element elementor-element-488c77ca elementor-widget elementor-widget-text-editor\" data-id=\"488c77ca\" data-element_type=\"widget\" data-widget_type=\"text-editor.default\">\n\t\t\t\t<div class=\"elementor-widget-container\">\n\t\t\t\t\t\t\t\t\t<p>La avena es un alimento que ha sido utilizado por siglos para tratar la diabetes. Antes de la invenci\u00f3n de la insulina, los m\u00e9dicos trataban la diabetes con dietas ricas en carbohidratos. Sin embargo, una dieta a base de avena, descubierta accidentalmente por Carl Von Norden, parec\u00eda mejorar la condici\u00f3n de los pacientes diab\u00e9ticos. A pesar de que inicialmente la dieta fue recibida con escepticismo, con el tiempo, la evidencia demostr\u00f3 su efectividad y un punto de inflexi\u00f3n lleg\u00f3 cuando el notable doctor James B. Herrick decidi\u00f3 probarla.<\/p><h4><b>El Dr. Herrick y la dieta de avena<\/b><\/h4><p>El Dr. Herrick, conocido por su descripci\u00f3n de la anemia falciforme, al principio fue esc\u00e9ptico pero qued\u00f3 sorprendido por los resultados de la dieta de avena en sus pacientes. A pesar de la resistencia de algunos pacientes a tolerar una dieta mon\u00f3tona, el Dr. Herrick report\u00f3 poca dificultad en poner a sus pacientes en la dieta y mantenerlos all\u00ed por unas pocas semanas. Adem\u00e1s, los efectos saludables que presenci\u00f3 en la diabetes de los j\u00f3venes fueron sorprendentes y gratificantes.<\/p><h4><strong>Los efectos sorprendentes de la dieta de avena<\/strong><\/h4><p>Elliot Joslin, fundador de la cl\u00ednica de diabetes m\u00e1s antigua y grande del mundo, describi\u00f3 los efectos de la avena como a veces m\u00e1gicos y la cura de la avena como un misterio sin resolver. Los investigadores descubrieron que la prote\u00edna animal ten\u00eda que ser excluida estrictamente de la dieta de avena para que fuera efectiva.<\/p><p>Hoy en d\u00eda, sabemos que la ingesta de prote\u00edna animal intensifica la resistencia a la insulina, mientras que los alimentos a base de plantas mejoran la sensibilidad a la insulina. La ingesta de prote\u00edna animal est\u00e1 asociada con un mayor riesgo de diabetes tipo 2 y se ha demostrado que reemplazar solo dos porciones de carne roja por lentejas, garbanzos, arvejas o frijoles unos pocos d\u00edas a la semana puede mejorar significativamente los niveles de az\u00facar en sangre y la insulina.<\/p><p>En conclusi\u00f3n, la avena ha sido un alimento valioso en el tratamiento de la diabetes a lo largo de la historia. La dieta de avena, descubierta accidentalmente por Carl Von Norden, ha sido utilizada con \u00e9xito y ha sido respaldada por la evidencia y la investigaci\u00f3n m\u00e9dica. La ingesta de prote\u00edna animal debe ser excluida y reemplazada con alimentos a base de plantas para obtener los mejores resultados en el tratamiento de la diabetes.<\/p><p>\u00a0<\/p><p class=\"elementor-heading-title elementor-size-default\"><a href=\"https:\/\/kiitos.com.mx\/blog\/acelera-tu-metabolismo-3-pasos-para-aumentar-la-quema-de-calorias\/\">Acelera tu metabolismo: 3 pasos para aumentar la quema de calor\u00edas<\/a><\/p><p class=\"elementor-heading-title elementor-size-default\"><a href=\"https:\/\/kiitos.com.mx\/blog\/salud-intestinal-clave-para-la-perdida-de-peso-permanente\/\">Salud intestinal: \u00bfclave para la p\u00e9rdida de peso permanente?<\/a><\/p>\t\t\t\t\t\t\t\t<\/div>\n\t\t\t\t<\/div>\n\t\t\t\t\t<\/div>\n\t\t<\/div>\n\t\t\t\t<div class=\"elementor-column elementor-col-50 elementor-top-column elementor-element elementor-element-49dc4af5\" data-id=\"49dc4af5\" data-element_type=\"column\">\n\t\t\t<div class=\"elementor-widget-wrap elementor-element-populated\">\n\t\t\t\t\t\t<div class=\"elementor-element elementor-element-66846c88 elementor-widget-divider--view-line_text elementor-widget-divider--element-align-center elementor-widget elementor-widget-divider\" data-id=\"66846c88\" data-element_type=\"widget\" data-widget_type=\"divider.default\">\n\t\t\t\t<div class=\"elementor-widget-container\">\n\t\t\t\t\t\t\t<div class=\"elementor-divider\">\n\t\t\t<span class=\"elementor-divider-separator\">\n\t\t\t\t\t\t\t<span class=\"elementor-divider__text elementor-divider__element\">\n\t\t\t\t<span style=\"font-size:1.5em\">Categor\u00edas<\/span>\t\t\t\t<\/span>\n\t\t\t\t\t\t<\/span>\n\t\t<\/div>\n\t\t\t\t\t\t<\/div>\n\t\t\t\t<\/div>\n\t\t\t\t<div class=\"elementor-element elementor-element-2b9daa63 elementor-widget elementor-widget-slides\" data-id=\"2b9daa63\" data-element_type=\"widget\" data-widget_type=\"slides.default\">\n\t\t\t\t<div class=\"elementor-widget-container\">\n\t\t\t\t\t \t\t\t\t<\/div>\n\t\t\t\t<\/div>\n\t\t\t\t<div class=\"elementor-element elementor-element-58385e96 elementor-widget elementor-widget-heading\" data-id=\"58385e96\" data-element_type=\"widget\" data-widget_type=\"heading.default\">\n\t\t\t\t<div class=\"elementor-widget-container\">\n\t\t\t\t\t<h2 class=\"elementor-heading-title elementor-size-default\">\u00a1Comparte este post!<\/h2>\t\t\t\t<\/div>\n\t\t\t\t<\/div>\n\t\t\t\t<div class=\"elementor-element elementor-element-7215097b elementor-widget elementor-widget-share-buttons\" data-id=\"7215097b\" data-element_type=\"widget\" data-widget_type=\"share-buttons.default\">\n\t\t\t\t<div class=\"elementor-widget-container\">\n\t\t\t\t\t \t\t\t\t<\/div>\n\t\t\t\t<\/div>\n\t\t\t\t\t<\/div>\n\t\t<\/div>\n\t\t\t\t\t<\/div>\n\t\t<\/section>\n\t\t\t\t<\/div>\n\t\t","protected":false},"excerpt":{"rendered":"<p>Comentar La dieta de avena: del escepticismo a la cura La avena es un alimento que ha sido utilizado por siglos para tratar la diabetes. Antes de la invenci\u00f3n de la insulina, los m\u00e9dicos trataban la diabetes con dietas ricas en carbohidratos. Sin embargo, una dieta a base de avena, descubierta accidentalmente por Carl Von [&hellip;]<\/p>\n","protected":false},"author":1,"featured_media":7186,"comment_status":"open","ping_status":"open","sticky":false,"template":"","format":"standard","meta":{"site-sidebar-layout":"default","site-content-layout":"default","ast-site-content-layout":"","site-content-style":"default","site-sidebar-style":"default","ast-global-header-display":"","ast-banner-title-visibility":"","ast-main-header-display":"","ast-hfb-above-header-display":"","ast-hfb-below-header-display":"","ast-hfb-mobile-header-display":"","site-post-title":"","ast-breadcrumbs-content":"","ast-featured-img":"","footer-sml-layout":"","theme-transparent-header-meta":"default","adv-header-id-meta":"","stick-header-meta":"","header-above-stick-meta":"","header-main-stick-meta":"","header-below-stick-meta":"","astra-migrate-meta-layouts":"default","ast-page-background-enabled":"default","ast-page-background-meta":{"desktop":{"background-color":"var(--ast-global-color-4)","background-image":"","background-repeat":"repeat","background-position":"center center","background-size":"auto","background-attachment":"scroll","background-type":"","background-media":"","overlay-type":"","overlay-color":"","overlay-opacity":"","overlay-gradient":""},"tablet":{"background-color":"","background-image":"","background-repeat":"repeat","background-position":"center center","background-size":"auto","background-attachment":"scroll","background-type":"","background-media":"","overlay-type":"","overlay-color":"","overlay-opacity":"","overlay-gradient":""},"mobile":{"background-color":"","background-image":"","background-repeat":"repeat","background-position":"center center","background-size":"auto","background-attachment":"scroll","background-type":"","background-media":"","overlay-type":"","overlay-color":"","overlay-opacity":"","overlay-gradient":""}},"ast-content-background-meta":{"desktop":{"background-color":"var(--ast-global-color-5)","background-image":"","background-repeat":"repeat","background-position":"center center","background-size":"auto","background-attachment":"scroll","background-type":"","background-media":"","overlay-type":"","overlay-color":"","overlay-opacity":"","overlay-gradient":""},"tablet":{"background-color":"var(--ast-global-color-5)","background-image":"","background-repeat":"repeat","background-position":"center center","background-size":"auto","background-attachment":"scroll","background-type":"","background-media":"","overlay-type":"","overlay-color":"","overlay-opacity":"","overlay-gradient":""},"mobile":{"background-color":"var(--ast-global-color-5)","background-image":"","background-repeat":"repeat","background-position":"center center","background-size":"auto","background-attachment":"scroll","background-type":"","background-media":"","overlay-type":"","overlay-color":"","overlay-opacity":"","overlay-gradient":""}},"footnotes":""},"categories":[1],"tags":[],"class_list":["post-7184","post","type-post","status-publish","format-standard","has-post-thumbnail","hentry","category-sin-categoria"],"yoast_head":"<!-- This site is optimized with the Yoast SEO Premium plugin v21.4 (Yoast SEO v25.1) - https:\/\/yoast.com\/wordpress\/plugins\/seo\/ -->\n<title>La dieta de avena: del escepticismo a la cura - Blog Kiitos<\/title>\n<meta name=\"robots\" content=\"index, follow, max-snippet:-1, max-image-preview:large, max-video-preview:-1\" \/>\n<link rel=\"canonical\" href=\"https:\/\/kiitos.com.mx\/blog\/la-dieta-de-avena-del-escepticismo-a-la-cura\/\" \/>\n<meta property=\"og:locale\" content=\"es_MX\" \/>\n<meta property=\"og:type\" content=\"article\" \/>\n<meta property=\"og:title\" content=\"La dieta de avena: del escepticismo a la cura\" \/>\n<meta property=\"og:description\" content=\"Comentar La dieta de avena: del escepticismo a la cura La avena es un alimento que ha sido utilizado por siglos para tratar la diabetes. Antes de la invenci\u00f3n de la insulina, los m\u00e9dicos trataban la diabetes con dietas ricas en carbohidratos. Sin embargo, una dieta a base de avena, descubierta accidentalmente por Carl Von [&hellip;]\" \/>\n<meta property=\"og:url\" content=\"https:\/\/kiitos.com.mx\/blog\/la-dieta-de-avena-del-escepticismo-a-la-cura\/\" \/>\n<meta property=\"og:site_name\" content=\"Blog Kiitos\" \/>\n<meta property=\"article:published_time\" content=\"2023-05-29T19:04:40+00:00\" \/>\n<meta property=\"article:modified_time\" content=\"2023-06-09T17:46:22+00:00\" \/>\n<meta property=\"og:image\" content=\"https:\/\/kiitos.com.mx\/blog\/wp-content\/uploads\/2023\/05\/6-formas-efectivas-de-controlar-el-aumento-de-peso-relacionado-con-el-estre\u0301splazos-de-comidas_-la-clave-para-una-salud-o\u0301ptima-5-1024x768.png\" \/>\n\t<meta property=\"og:image:width\" content=\"1024\" \/>\n\t<meta property=\"og:image:height\" content=\"768\" \/>\n\t<meta property=\"og:image:type\" content=\"image\/png\" \/>\n<meta name=\"author\" content=\"Kiitos Staff B\" \/>\n<meta name=\"twitter:card\" content=\"summary_large_image\" \/>\n<meta name=\"twitter:label1\" content=\"Escrito por\" \/>\n\t<meta name=\"twitter:data1\" content=\"Kiitos Staff B\" \/>\n\t<meta name=\"twitter:label2\" content=\"Tiempo de lectura\" \/>\n\t<meta name=\"twitter:data2\" content=\"3 minutos\" \/>\n<script type=\"application\/ld+json\" class=\"yoast-schema-graph\">{\"@context\":\"https:\/\/schema.org\",\"@graph\":[{\"@type\":\"Article\",\"@id\":\"https:\/\/kiitos.com.mx\/blog\/la-dieta-de-avena-del-escepticismo-a-la-cura\/#article\",\"isPartOf\":{\"@id\":\"https:\/\/kiitos.com.mx\/blog\/la-dieta-de-avena-del-escepticismo-a-la-cura\/\"},\"author\":{\"name\":\"Kiitos Staff B\",\"@id\":\"https:\/\/kiitos.com.mx\/blog\/#\/schema\/person\/596f4bff4d6738444f43853933ed6154\"},\"headline\":\"La dieta de avena: del escepticismo a la cura\",\"datePublished\":\"2023-05-29T19:04:40+00:00\",\"dateModified\":\"2023-06-09T17:46:22+00:00\",\"mainEntityOfPage\":{\"@id\":\"https:\/\/kiitos.com.mx\/blog\/la-dieta-de-avena-del-escepticismo-a-la-cura\/\"},\"wordCount\":589,\"commentCount\":0,\"publisher\":{\"@id\":\"https:\/\/kiitos.com.mx\/blog\/#organization\"},\"image\":{\"@id\":\"https:\/\/kiitos.com.mx\/blog\/la-dieta-de-avena-del-escepticismo-a-la-cura\/#primaryimage\"},\"thumbnailUrl\":\"https:\/\/kiitos.com.mx\/blog\/wp-content\/uploads\/2023\/05\/6-formas-efectivas-de-controlar-el-aumento-de-peso-relacionado-con-el-estre\u0301splazos-de-comidas_-la-clave-para-una-salud-o\u0301ptima-5.png\",\"inLanguage\":\"es\",\"potentialAction\":[{\"@type\":\"CommentAction\",\"name\":\"Comment\",\"target\":[\"https:\/\/kiitos.com.mx\/blog\/la-dieta-de-avena-del-escepticismo-a-la-cura\/#respond\"]}]},{\"@type\":\"WebPage\",\"@id\":\"https:\/\/kiitos.com.mx\/blog\/la-dieta-de-avena-del-escepticismo-a-la-cura\/\",\"url\":\"https:\/\/kiitos.com.mx\/blog\/la-dieta-de-avena-del-escepticismo-a-la-cura\/\",\"name\":\"La dieta de avena: del escepticismo a la cura - Blog Kiitos\",\"isPartOf\":{\"@id\":\"https:\/\/kiitos.com.mx\/blog\/#website\"},\"primaryImageOfPage\":{\"@id\":\"https:\/\/kiitos.com.mx\/blog\/la-dieta-de-avena-del-escepticismo-a-la-cura\/#primaryimage\"},\"image\":{\"@id\":\"https:\/\/kiitos.com.mx\/blog\/la-dieta-de-avena-del-escepticismo-a-la-cura\/#primaryimage\"},\"thumbnailUrl\":\"https:\/\/kiitos.com.mx\/blog\/wp-content\/uploads\/2023\/05\/6-formas-efectivas-de-controlar-el-aumento-de-peso-relacionado-con-el-estre\u0301splazos-de-comidas_-la-clave-para-una-salud-o\u0301ptima-5.png\",\"datePublished\":\"2023-05-29T19:04:40+00:00\",\"dateModified\":\"2023-06-09T17:46:22+00:00\",\"breadcrumb\":{\"@id\":\"https:\/\/kiitos.com.mx\/blog\/la-dieta-de-avena-del-escepticismo-a-la-cura\/#breadcrumb\"},\"inLanguage\":\"es\",\"potentialAction\":[{\"@type\":\"ReadAction\",\"target\":[\"https:\/\/kiitos.com.mx\/blog\/la-dieta-de-avena-del-escepticismo-a-la-cura\/\"]}]},{\"@type\":\"ImageObject\",\"inLanguage\":\"es\",\"@id\":\"https:\/\/kiitos.com.mx\/blog\/la-dieta-de-avena-del-escepticismo-a-la-cura\/#primaryimage\",\"url\":\"https:\/\/kiitos.com.mx\/blog\/wp-content\/uploads\/2023\/05\/6-formas-efectivas-de-controlar-el-aumento-de-peso-relacionado-con-el-estre\u0301splazos-de-comidas_-la-clave-para-una-salud-o\u0301ptima-5.png\",\"contentUrl\":\"https:\/\/kiitos.com.mx\/blog\/wp-content\/uploads\/2023\/05\/6-formas-efectivas-de-controlar-el-aumento-de-peso-relacionado-con-el-estre\u0301splazos-de-comidas_-la-clave-para-una-salud-o\u0301ptima-5.png\",\"width\":2500,\"height\":1875,\"caption\":\"La dieta de avena: del escepticismo a la cura\"},{\"@type\":\"BreadcrumbList\",\"@id\":\"https:\/\/kiitos.com.mx\/blog\/la-dieta-de-avena-del-escepticismo-a-la-cura\/#breadcrumb\",\"itemListElement\":[{\"@type\":\"ListItem\",\"position\":1,\"name\":\"Home\",\"item\":\"https:\/\/kiitos.com.mx\/blog\/\"},{\"@type\":\"ListItem\",\"position\":2,\"name\":\"La dieta de avena: del escepticismo a la cura\"}]},{\"@type\":\"WebSite\",\"@id\":\"https:\/\/kiitos.com.mx\/blog\/#website\",\"url\":\"https:\/\/kiitos.com.mx\/blog\/\",\"name\":\"Kiitos || Blog\",\"description\":\"Kiitos MX - Blog\",\"publisher\":{\"@id\":\"https:\/\/kiitos.com.mx\/blog\/#organization\"},\"potentialAction\":[{\"@type\":\"SearchAction\",\"target\":{\"@type\":\"EntryPoint\",\"urlTemplate\":\"https:\/\/kiitos.com.mx\/blog\/?s={search_term_string}\"},\"query-input\":{\"@type\":\"PropertyValueSpecification\",\"valueRequired\":true,\"valueName\":\"search_term_string\"}}],\"inLanguage\":\"es\"},{\"@type\":\"Organization\",\"@id\":\"https:\/\/kiitos.com.mx\/blog\/#organization\",\"name\":\"Kiitos\",\"url\":\"https:\/\/kiitos.com.mx\/blog\/\",\"logo\":{\"@type\":\"ImageObject\",\"inLanguage\":\"es\",\"@id\":\"https:\/\/kiitos.com.mx\/blog\/#\/schema\/logo\/image\/\",\"url\":\"https:\/\/kiitos.com.mx\/blog\/wp-content\/uploads\/2021\/01\/cropped-Kiitos-web-logo-alt-1.png\",\"contentUrl\":\"https:\/\/kiitos.com.mx\/blog\/wp-content\/uploads\/2021\/01\/cropped-Kiitos-web-logo-alt-1.png\",\"width\":237,\"height\":110,\"caption\":\"Kiitos\"},\"image\":{\"@id\":\"https:\/\/kiitos.com.mx\/blog\/#\/schema\/logo\/image\/\"}},{\"@type\":\"Person\",\"@id\":\"https:\/\/kiitos.com.mx\/blog\/#\/schema\/person\/596f4bff4d6738444f43853933ed6154\",\"name\":\"Kiitos Staff B\",\"image\":{\"@type\":\"ImageObject\",\"inLanguage\":\"es\",\"@id\":\"https:\/\/kiitos.com.mx\/blog\/#\/schema\/person\/image\/\",\"url\":\"https:\/\/secure.gravatar.com\/avatar\/5461c348002ba7231a052d841abc7b5b1cb7a09dbfa4e56fad7033df8264e1d7?s=96&d=mm&r=g\",\"contentUrl\":\"https:\/\/secure.gravatar.com\/avatar\/5461c348002ba7231a052d841abc7b5b1cb7a09dbfa4e56fad7033df8264e1d7?s=96&d=mm&r=g\",\"caption\":\"Kiitos Staff B\"},\"url\":\"https:\/\/kiitos.com.mx\/blog\/author\/market1ng\/\"}]}<\/script>\n<!-- \/ Yoast SEO Premium plugin. -->","yoast_head_json":{"title":"La dieta de avena: del escepticismo a la cura - Blog Kiitos","robots":{"index":"index","follow":"follow","max-snippet":"max-snippet:-1","max-image-preview":"max-image-preview:large","max-video-preview":"max-video-preview:-1"},"canonical":"https:\/\/kiitos.com.mx\/blog\/la-dieta-de-avena-del-escepticismo-a-la-cura\/","og_locale":"es_MX","og_type":"article","og_title":"La dieta de avena: del escepticismo a la cura","og_description":"Comentar La dieta de avena: del escepticismo a la cura La avena es un alimento que ha sido utilizado por siglos para tratar la diabetes. Antes de la invenci\u00f3n de la insulina, los m\u00e9dicos trataban la diabetes con dietas ricas en carbohidratos. Sin embargo, una dieta a base de avena, descubierta accidentalmente por Carl Von [&hellip;]","og_url":"https:\/\/kiitos.com.mx\/blog\/la-dieta-de-avena-del-escepticismo-a-la-cura\/","og_site_name":"Blog Kiitos","article_published_time":"2023-05-29T19:04:40+00:00","article_modified_time":"2023-06-09T17:46:22+00:00","og_image":[{"width":1024,"height":768,"url":"https:\/\/kiitos.com.mx\/blog\/wp-content\/uploads\/2023\/05\/6-formas-efectivas-de-controlar-el-aumento-de-peso-relacionado-con-el-estre\u0301splazos-de-comidas_-la-clave-para-una-salud-o\u0301ptima-5-1024x768.png","type":"image\/png"}],"author":"Kiitos Staff B","twitter_card":"summary_large_image","twitter_misc":{"Escrito por":"Kiitos Staff B","Tiempo de lectura":"3 minutos"},"schema":{"@context":"https:\/\/schema.org","@graph":[{"@type":"Article","@id":"https:\/\/kiitos.com.mx\/blog\/la-dieta-de-avena-del-escepticismo-a-la-cura\/#article","isPartOf":{"@id":"https:\/\/kiitos.com.mx\/blog\/la-dieta-de-avena-del-escepticismo-a-la-cura\/"},"author":{"name":"Kiitos Staff B","@id":"https:\/\/kiitos.com.mx\/blog\/#\/schema\/person\/596f4bff4d6738444f43853933ed6154"},"headline":"La dieta de avena: del escepticismo a la cura","datePublished":"2023-05-29T19:04:40+00:00","dateModified":"2023-06-09T17:46:22+00:00","mainEntityOfPage":{"@id":"https:\/\/kiitos.com.mx\/blog\/la-dieta-de-avena-del-escepticismo-a-la-cura\/"},"wordCount":589,"commentCount":0,"publisher":{"@id":"https:\/\/kiitos.com.mx\/blog\/#organization"},"image":{"@id":"https:\/\/kiitos.com.mx\/blog\/la-dieta-de-avena-del-escepticismo-a-la-cura\/#primaryimage"},"thumbnailUrl":"https:\/\/kiitos.com.mx\/blog\/wp-content\/uploads\/2023\/05\/6-formas-efectivas-de-controlar-el-aumento-de-peso-relacionado-con-el-estre\u0301splazos-de-comidas_-la-clave-para-una-salud-o\u0301ptima-5.png","inLanguage":"es","potentialAction":[{"@type":"CommentAction","name":"Comment","target":["https:\/\/kiitos.com.mx\/blog\/la-dieta-de-avena-del-escepticismo-a-la-cura\/#respond"]}]},{"@type":"WebPage","@id":"https:\/\/kiitos.com.mx\/blog\/la-dieta-de-avena-del-escepticismo-a-la-cura\/","url":"https:\/\/kiitos.com.mx\/blog\/la-dieta-de-avena-del-escepticismo-a-la-cura\/","name":"La dieta de avena: del escepticismo a la cura - Blog Kiitos","isPartOf":{"@id":"https:\/\/kiitos.com.mx\/blog\/#website"},"primaryImageOfPage":{"@id":"https:\/\/kiitos.com.mx\/blog\/la-dieta-de-avena-del-escepticismo-a-la-cura\/#primaryimage"},"image":{"@id":"https:\/\/kiitos.com.mx\/blog\/la-dieta-de-avena-del-escepticismo-a-la-cura\/#primaryimage"},"thumbnailUrl":"https:\/\/kiitos.com.mx\/blog\/wp-content\/uploads\/2023\/05\/6-formas-efectivas-de-controlar-el-aumento-de-peso-relacionado-con-el-estre\u0301splazos-de-comidas_-la-clave-para-una-salud-o\u0301ptima-5.png","datePublished":"2023-05-29T19:04:40+00:00","dateModified":"2023-06-09T17:46:22+00:00","breadcrumb":{"@id":"https:\/\/kiitos.com.mx\/blog\/la-dieta-de-avena-del-escepticismo-a-la-cura\/#breadcrumb"},"inLanguage":"es","potentialAction":[{"@type":"ReadAction","target":["https:\/\/kiitos.com.mx\/blog\/la-dieta-de-avena-del-escepticismo-a-la-cura\/"]}]},{"@type":"ImageObject","inLanguage":"es","@id":"https:\/\/kiitos.com.mx\/blog\/la-dieta-de-avena-del-escepticismo-a-la-cura\/#primaryimage","url":"https:\/\/kiitos.com.mx\/blog\/wp-content\/uploads\/2023\/05\/6-formas-efectivas-de-controlar-el-aumento-de-peso-relacionado-con-el-estre\u0301splazos-de-comidas_-la-clave-para-una-salud-o\u0301ptima-5.png","contentUrl":"https:\/\/kiitos.com.mx\/blog\/wp-content\/uploads\/2023\/05\/6-formas-efectivas-de-controlar-el-aumento-de-peso-relacionado-con-el-estre\u0301splazos-de-comidas_-la-clave-para-una-salud-o\u0301ptima-5.png","width":2500,"height":1875,"caption":"La dieta de avena: del escepticismo a la cura"},{"@type":"BreadcrumbList","@id":"https:\/\/kiitos.com.mx\/blog\/la-dieta-de-avena-del-escepticismo-a-la-cura\/#breadcrumb","itemListElement":[{"@type":"ListItem","position":1,"name":"Home","item":"https:\/\/kiitos.com.mx\/blog\/"},{"@type":"ListItem","position":2,"name":"La dieta de avena: del escepticismo a la cura"}]},{"@type":"WebSite","@id":"https:\/\/kiitos.com.mx\/blog\/#website","url":"https:\/\/kiitos.com.mx\/blog\/","name":"Kiitos || Blog","description":"Kiitos MX - Blog","publisher":{"@id":"https:\/\/kiitos.com.mx\/blog\/#organization"},"potentialAction":[{"@type":"SearchAction","target":{"@type":"EntryPoint","urlTemplate":"https:\/\/kiitos.com.mx\/blog\/?s={search_term_string}"},"query-input":{"@type":"PropertyValueSpecification","valueRequired":true,"valueName":"search_term_string"}}],"inLanguage":"es"},{"@type":"Organization","@id":"https:\/\/kiitos.com.mx\/blog\/#organization","name":"Kiitos","url":"https:\/\/kiitos.com.mx\/blog\/","logo":{"@type":"ImageObject","inLanguage":"es","@id":"https:\/\/kiitos.com.mx\/blog\/#\/schema\/logo\/image\/","url":"https:\/\/kiitos.com.mx\/blog\/wp-content\/uploads\/2021\/01\/cropped-Kiitos-web-logo-alt-1.png","contentUrl":"https:\/\/kiitos.com.mx\/blog\/wp-content\/uploads\/2021\/01\/cropped-Kiitos-web-logo-alt-1.png","width":237,"height":110,"caption":"Kiitos"},"image":{"@id":"https:\/\/kiitos.com.mx\/blog\/#\/schema\/logo\/image\/"}},{"@type":"Person","@id":"https:\/\/kiitos.com.mx\/blog\/#\/schema\/person\/596f4bff4d6738444f43853933ed6154","name":"Kiitos Staff B","image":{"@type":"ImageObject","inLanguage":"es","@id":"https:\/\/kiitos.com.mx\/blog\/#\/schema\/person\/image\/","url":"https:\/\/secure.gravatar.com\/avatar\/5461c348002ba7231a052d841abc7b5b1cb7a09dbfa4e56fad7033df8264e1d7?s=96&d=mm&r=g","contentUrl":"https:\/\/secure.gravatar.com\/avatar\/5461c348002ba7231a052d841abc7b5b1cb7a09dbfa4e56fad7033df8264e1d7?s=96&d=mm&r=g","caption":"Kiitos Staff B"},"url":"https:\/\/kiitos.com.mx\/blog\/author\/market1ng\/"}]}},"_links":{"self":[{"href":"https:\/\/kiitos.com.mx\/blog\/wp-json\/wp\/v2\/posts\/7184","targetHints":{"allow":["GET"]}}],"collection":[{"href":"https:\/\/kiitos.com.mx\/blog\/wp-json\/wp\/v2\/posts"}],"about":[{"href":"https:\/\/kiitos.com.mx\/blog\/wp-json\/wp\/v2\/types\/post"}],"author":[{"embeddable":true,"href":"https:\/\/kiitos.com.mx\/blog\/wp-json\/wp\/v2\/users\/1"}],"replies":[{"embeddable":true,"href":"https:\/\/kiitos.com.mx\/blog\/wp-json\/wp\/v2\/comments?post=7184"}],"version-history":[{"count":6,"href":"https:\/\/kiitos.com.mx\/blog\/wp-json\/wp\/v2\/posts\/7184\/revisions"}],"predecessor-version":[{"id":7191,"href":"https:\/\/kiitos.com.mx\/blog\/wp-json\/wp\/v2\/posts\/7184\/revisions\/7191"}],"wp:featuredmedia":[{"embeddable":true,"href":"https:\/\/kiitos.com.mx\/blog\/wp-json\/wp\/v2\/media\/7186"}],"wp:attachment":[{"href":"https:\/\/kiitos.com.mx\/blog\/wp-json\/wp\/v2\/media?parent=7184"}],"wp:term":[{"taxonomy":"category","embeddable":true,"href":"https:\/\/kiitos.com.mx\/blog\/wp-json\/wp\/v2\/categories?post=7184"},{"taxonomy":"post_tag","embeddable":true,"href":"https:\/\/kiitos.com.mx\/blog\/wp-json\/wp\/v2\/tags?post=7184"}],"curies":[{"name":"wp","href":"https:\/\/api.w.org\/{rel}","templated":true}]}}